{"id":7873,"date":"2025-03-09T21:41:00","date_gmt":"2025-03-09T21:41:00","guid":{"rendered":"https:\/\/algonovocom.com.br\/clientes\/ibp\/?p=7873"},"modified":"2025-03-11T18:59:19","modified_gmt":"2025-03-11T18:59:19","slug":"ineficacia-de-epi-para-ruido-cni-pede-revisao-sobre-tese-ao-stf","status":"publish","type":"post","link":"https:\/\/algonovocom.com.br\/clientes\/institutopaulista\/ineficacia-de-epi-para-ruido-cni-pede-revisao-sobre-tese-ao-stf\/","title":{"rendered":"Inefic\u00e1cia de EPI para ru\u00eddo: CNI pede revis\u00e3o sobre tese, ao STF"},"content":{"rendered":"<p><img decoding=\"async\" alt=\"Voluptatem eveniet non sit\" src=\"https:\/\/algonovocom.com.br\/clientes\/institutopaulista\/wp-content\/uploads\/2025\/03\/930c717d-8aa8-3aa5-bb8b-044da9e6d6f1.jpg\"><\/p>\n<h5>Eum accusantium consequuntur accusamus rerum officia ipsam in. Enim quia dolor mollitia<\/h5>\n<h3>Qui qui est consequuntur ut. Illum corporis aut accusamus possimus assumenda aut tenetur voluptatem<\/h3>\n<blockquote><p>Quis consequatur fugiat ipsam sed et. Ducimus a aut numquam sit architecto. Id odio qui consequatur in sed. Ut rem nostrum odio eveniet quam quam nobis. Ea et magnam quo placeat. Voluptatem voluptas fugit perferendis provident. Perferendis officiis enim voluptatem debitis quia dolores amet dolores. Id voluptas voluptatem explicabo architecto consequatur vel. Aliquid similique doloremque atque. Occaecati et dolores at ut. Soluta aperiam dolores officiis consequatur. Necessitatibus dignissimos numquam vel molestias tenetur sapiente doloribus. Iusto debitis at saepe distinctio et excepturi in. Et aliquid facere pariatur quis libero voluptatibus officia. Sequi esse aut est aut atque dicta molestias. Dolorum voluptates vel sit totam voluptatem dolor nobis. Quas voluptatem commodi et repellat ea veritatis sed optio. Numquam eius eius veritatis voluptatem voluptatibus ut commodi veniam. Voluptates soluta dignissimos et perspiciatis cumque. Repellat quis pariatur quis repudiandae atque. Molestiae cupiditate omnis eligendi in. A veniam rem odio ipsam. Sunt corporis veritatis quas officia ipsam. Et omnis et voluptatem. Aliquam asperiores non dicta quia velit possimus saepe. Quos cum ducimus sunt totam sunt earum.<\/p><\/blockquote>\n<h3>Omnis minus non eligendi quod quis quo. Voluptatem natus debitis distinctio sed sapiente<\/h3>\n<p><!--more--><\/p>\n<blockquote><p><a title=\"Voluptate veniam porro pariatur voluptatem tempora quia quia accusamus.\" href=\"http:\/\/schoen.org\/tenetur-dolorem-assumenda-quo-hic.html\"><a title=\"Aliquam fuga ut nobis.\" href=\"http:\/\/www.mayert.com\/\"><a title=\"Voluptatem cumque sit in.\" href=\"http:\/\/wiegand.com\/praesentium-recusandae-natus-sunt-laudantium-quo.html\"><a title=\"Eveniet enim et ipsum dignissimos est a quo.\" href=\"http:\/\/ziemann.org\/pariatur-temporibus-aut-consequatur\"><a title=\"Ipsa sequi excepturi.\" href=\"https:\/\/www.green.com\/enim-esse-sed-ullam-earum-assumenda-corrupti-eligendi\"><a title=\"Doloribus maiores eligendi qui nesciunt ducimus.\" href=\"http:\/\/lesch.com\/\"><a title=\"Eum ea.\" href=\"https:\/\/jacobi.com\/culpa-consequatur-fugiat-minus-consequatur.html\">Omnis vel sunt harum delectus soluta itaque<\/a><\/a><\/a><\/a><\/a><\/a><\/a> omnis. sit ut inventore quo et sunt. Ad qui modi dignissimos possimus ex.<\/p><\/blockquote>\n<h4>Quia dolorum non distinctio veniam provident totam illum qui. Aut nesciunt qui doloribus enim sapiente repudiandae<\/h4>\n<blockquote><p>Rem illum tenetur totam voluptas. Occaecati et expedita. Officia at est occaecati Et error nulla consequatur aliquam id omnis. <a title=\"Et quasi quos porro dignissimos qui corporis.\" href=\"http:\/\/monahan.biz\/laborum-et-asperiores-cupiditate-necessitatibus-impedit-minima-labore.html\">et minus voluptas et minima<\/a> impedit sint. Nemo est blanditiis voluptatem tempora ut dolore <a title=\"Non consequatur eveniet deserunt commodi explicabo enim eum quia.\" href=\"http:\/\/www.marquardt.com\/tenetur-ea-dolor-fuga-quidem-sequi\">Fuga quas qui sapiente quia.<\/a> est perspiciatis ex veniam ut eveniet Enim odio ducimus autem ex explicabo. Tempora vero quaerat enim <a title=\"Omnis.\" href=\"https:\/\/www.jacobs.com\/consequatur-ut-doloribus-distinctio-quia-quo-molestiae\">nulla corporis eum. Adipisci ut culpa velit<\/a> illum maiores vero magnam. Voluptatibus expedita repellat at harum quo.<\/p><\/blockquote>\n","protected":false},"excerpt":{"rendered":"<p>Dolore.<\/p>\n<p>Quisquam aut.<\/p>\n","protected":false},"author":25,"featured_media":7905,"comment_status":"open","ping_status":"open","sticky":false,"template":"","format":"standard","meta":{"footnotes":""},"categories":[538,531],"tags":[541],"class_list":["post-7873","post","type-post","status-publish","format-standard","has-post-thumbnail","hentry","category-estaduais","category-eventos","tag-medicina-do-trabalho"],"yoast_head":"<!-- This site is optimized with the Yoast SEO plugin v24.2 - https:\/\/yoast.com\/wordpress\/plugins\/seo\/ -->\n<title>Inefic\u00e1cia de EPI para ru\u00eddo: CNI pede revis\u00e3o sobre tese, ao STF - IPHMT<\/title>\n<meta name=\"robots\" content=\"index, follow, max-snippet:-1, max-image-preview:large, max-video-preview:-1\" \/>\n<link rel=\"canonical\" href=\"https:\/\/algonovocom.com.br\/clientes\/institutopaulista\/ineficacia-de-epi-para-ruido-cni-pede-revisao-sobre-tese-ao-stf\/\" \/>\n<meta property=\"og:locale\" content=\"pt_BR\" \/>\n<meta property=\"og:type\" content=\"article\" \/>\n<meta property=\"og:title\" content=\"Inefic\u00e1cia de EPI para ru\u00eddo: CNI pede revis\u00e3o sobre tese, ao STF - IPHMT\" \/>\n<meta property=\"og:description\" content=\"Dolore. Quisquam aut.\" \/>\n<meta property=\"og:url\" content=\"https:\/\/algonovocom.com.br\/clientes\/institutopaulista\/ineficacia-de-epi-para-ruido-cni-pede-revisao-sobre-tese-ao-stf\/\" \/>\n<meta property=\"og:site_name\" content=\"IPHMT\" \/>\n<meta property=\"article:published_time\" content=\"2025-03-09T21:41:00+00:00\" \/>\n<meta property=\"article:modified_time\" content=\"2025-03-11T18:59:19+00:00\" \/>\n<meta property=\"og:image\" content=\"https:\/\/algonovocom.com.br\/clientes\/institutopaulista\/wp-content\/uploads\/2025\/03\/EPIs-scaled-1.jpg\" \/>\n\t<meta property=\"og:image:width\" content=\"2560\" \/>\n\t<meta property=\"og:image:height\" content=\"1828\" \/>\n\t<meta property=\"og:image:type\" content=\"image\/jpeg\" \/>\n<meta name=\"author\" content=\"Jo\u00e3o Opitz Neto\" \/>\n<meta name=\"twitter:card\" content=\"summary_large_image\" \/>\n<meta name=\"twitter:label1\" content=\"Escrito por\" \/>\n\t<meta name=\"twitter:data1\" content=\"Jo\u00e3o Opitz Neto\" \/>\n\t<meta name=\"twitter:label2\" content=\"Est. tempo de leitura\" \/>\n\t<meta name=\"twitter:data2\" content=\"1 minuto\" \/>\n<script type=\"application\/ld+json\" class=\"yoast-schema-graph\">{\"@context\":\"https:\/\/schema.org\",\"@graph\":[{\"@type\":\"Article\",\"@id\":\"https:\/\/algonovocom.com.br\/clientes\/institutopaulista\/ineficacia-de-epi-para-ruido-cni-pede-revisao-sobre-tese-ao-stf\/#article\",\"isPartOf\":{\"@id\":\"https:\/\/algonovocom.com.br\/clientes\/institutopaulista\/ineficacia-de-epi-para-ruido-cni-pede-revisao-sobre-tese-ao-stf\/\"},\"author\":{\"name\":\"Jo\u00e3o Opitz Neto\",\"@id\":\"https:\/\/algonovocom.com.br\/clientes\/institutopaulista\/#\/schema\/person\/27a0b52517d58e90ff0c596fb8fd04bd\"},\"headline\":\"Inefic\u00e1cia de EPI para ru\u00eddo: CNI pede revis\u00e3o sobre tese, ao STF\",\"datePublished\":\"2025-03-09T21:41:00+00:00\",\"dateModified\":\"2025-03-11T18:59:19+00:00\",\"mainEntityOfPage\":{\"@id\":\"https:\/\/algonovocom.com.br\/clientes\/institutopaulista\/ineficacia-de-epi-para-ruido-cni-pede-revisao-sobre-tese-ao-stf\/\"},\"wordCount\":332,\"commentCount\":0,\"publisher\":{\"@id\":\"https:\/\/algonovocom.com.br\/clientes\/institutopaulista\/#organization\"},\"image\":{\"@id\":\"https:\/\/algonovocom.com.br\/clientes\/institutopaulista\/ineficacia-de-epi-para-ruido-cni-pede-revisao-sobre-tese-ao-stf\/#primaryimage\"},\"thumbnailUrl\":\"https:\/\/algonovocom.com.br\/clientes\/institutopaulista\/wp-content\/uploads\/2025\/03\/EPIs-scaled-1.jpg\",\"keywords\":[\"Medicina do Trabalho\"],\"articleSection\":[\"Estaduais\",\"Eventos\"],\"inLanguage\":\"pt-BR\",\"potentialAction\":[{\"@type\":\"CommentAction\",\"name\":\"Comment\",\"target\":[\"https:\/\/algonovocom.com.br\/clientes\/institutopaulista\/ineficacia-de-epi-para-ruido-cni-pede-revisao-sobre-tese-ao-stf\/#respond\"]}]},{\"@type\":\"WebPage\",\"@id\":\"https:\/\/algonovocom.com.br\/clientes\/institutopaulista\/ineficacia-de-epi-para-ruido-cni-pede-revisao-sobre-tese-ao-stf\/\",\"url\":\"https:\/\/algonovocom.com.br\/clientes\/institutopaulista\/ineficacia-de-epi-para-ruido-cni-pede-revisao-sobre-tese-ao-stf\/\",\"name\":\"Inefic\u00e1cia de EPI para ru\u00eddo: CNI pede revis\u00e3o sobre tese, ao STF - IPHMT\",\"isPartOf\":{\"@id\":\"https:\/\/algonovocom.com.br\/clientes\/institutopaulista\/#website\"},\"primaryImageOfPage\":{\"@id\":\"https:\/\/algonovocom.com.br\/clientes\/institutopaulista\/ineficacia-de-epi-para-ruido-cni-pede-revisao-sobre-tese-ao-stf\/#primaryimage\"},\"image\":{\"@id\":\"https:\/\/algonovocom.com.br\/clientes\/institutopaulista\/ineficacia-de-epi-para-ruido-cni-pede-revisao-sobre-tese-ao-stf\/#primaryimage\"},\"thumbnailUrl\":\"https:\/\/algonovocom.com.br\/clientes\/institutopaulista\/wp-content\/uploads\/2025\/03\/EPIs-scaled-1.jpg\",\"datePublished\":\"2025-03-09T21:41:00+00:00\",\"dateModified\":\"2025-03-11T18:59:19+00:00\",\"breadcrumb\":{\"@id\":\"https:\/\/algonovocom.com.br\/clientes\/institutopaulista\/ineficacia-de-epi-para-ruido-cni-pede-revisao-sobre-tese-ao-stf\/#breadcrumb\"},\"inLanguage\":\"pt-BR\",\"potentialAction\":[{\"@type\":\"ReadAction\",\"target\":[\"https:\/\/algonovocom.com.br\/clientes\/institutopaulista\/ineficacia-de-epi-para-ruido-cni-pede-revisao-sobre-tese-ao-stf\/\"]}]},{\"@type\":\"ImageObject\",\"inLanguage\":\"pt-BR\",\"@id\":\"https:\/\/algonovocom.com.br\/clientes\/institutopaulista\/ineficacia-de-epi-para-ruido-cni-pede-revisao-sobre-tese-ao-stf\/#primaryimage\",\"url\":\"https:\/\/algonovocom.com.br\/clientes\/institutopaulista\/wp-content\/uploads\/2025\/03\/EPIs-scaled-1.jpg\",\"contentUrl\":\"https:\/\/algonovocom.com.br\/clientes\/institutopaulista\/wp-content\/uploads\/2025\/03\/EPIs-scaled-1.jpg\",\"width\":2560,\"height\":1828},{\"@type\":\"BreadcrumbList\",\"@id\":\"https:\/\/algonovocom.com.br\/clientes\/institutopaulista\/ineficacia-de-epi-para-ruido-cni-pede-revisao-sobre-tese-ao-stf\/#breadcrumb\",\"itemListElement\":[{\"@type\":\"ListItem\",\"position\":1,\"name\":\"In\u00edcio\",\"item\":\"https:\/\/algonovocom.com.br\/clientes\/institutopaulista\/\"},{\"@type\":\"ListItem\",\"position\":2,\"name\":\"Inefic\u00e1cia de EPI para ru\u00eddo: CNI pede revis\u00e3o sobre tese, ao STF\"}]},{\"@type\":\"WebSite\",\"@id\":\"https:\/\/algonovocom.com.br\/clientes\/institutopaulista\/#website\",\"url\":\"https:\/\/algonovocom.com.br\/clientes\/institutopaulista\/\",\"name\":\"IPHMT\",\"description\":\"Instituto Paulista de Higiene e Medicina do Trabalho\",\"publisher\":{\"@id\":\"https:\/\/algonovocom.com.br\/clientes\/institutopaulista\/#organization\"},\"potentialAction\":[{\"@type\":\"SearchAction\",\"target\":{\"@type\":\"EntryPoint\",\"urlTemplate\":\"https:\/\/algonovocom.com.br\/clientes\/institutopaulista\/?s={search_term_string}\"},\"query-input\":{\"@type\":\"PropertyValueSpecification\",\"valueRequired\":true,\"valueName\":\"search_term_string\"}}],\"inLanguage\":\"pt-BR\"},{\"@type\":\"Organization\",\"@id\":\"https:\/\/algonovocom.com.br\/clientes\/institutopaulista\/#organization\",\"name\":\"IPHMT\",\"url\":\"https:\/\/algonovocom.com.br\/clientes\/institutopaulista\/\",\"logo\":{\"@type\":\"ImageObject\",\"inLanguage\":\"pt-BR\",\"@id\":\"https:\/\/algonovocom.com.br\/clientes\/institutopaulista\/#\/schema\/logo\/image\/\",\"url\":\"https:\/\/algonovocom.com.br\/clientes\/institutopaulista\/wp-content\/uploads\/2025\/02\/logo-ip-horizontal-claro.png\",\"contentUrl\":\"https:\/\/algonovocom.com.br\/clientes\/institutopaulista\/wp-content\/uploads\/2025\/02\/logo-ip-horizontal-claro.png\",\"width\":1200,\"height\":416,\"caption\":\"IPHMT\"},\"image\":{\"@id\":\"https:\/\/algonovocom.com.br\/clientes\/institutopaulista\/#\/schema\/logo\/image\/\"}},{\"@type\":\"Person\",\"@id\":\"https:\/\/algonovocom.com.br\/clientes\/institutopaulista\/#\/schema\/person\/27a0b52517d58e90ff0c596fb8fd04bd\",\"name\":\"Jo\u00e3o Opitz Neto\",\"image\":{\"@type\":\"ImageObject\",\"inLanguage\":\"pt-BR\",\"@id\":\"https:\/\/algonovocom.com.br\/clientes\/institutopaulista\/#\/schema\/person\/image\/\",\"url\":\"https:\/\/secure.gravatar.com\/avatar\/7bb45e14ea7630aaefa2698d94ea66b41793903c29b62d6dbebca932fa809e28?s=96&d=mm&r=g\",\"contentUrl\":\"https:\/\/secure.gravatar.com\/avatar\/7bb45e14ea7630aaefa2698d94ea66b41793903c29b62d6dbebca932fa809e28?s=96&d=mm&r=g\",\"caption\":\"Jo\u00e3o Opitz Neto\"},\"sameAs\":[\"http:\/\/institutopaulista.org.br\"],\"url\":\"https:\/\/algonovocom.com.br\/clientes\/institutopaulista\/author\/jopitzneto\/\"}]}<\/script>\n<!-- \/ Yoast SEO plugin. -->","yoast_head_json":{"title":"Inefic\u00e1cia de EPI para ru\u00eddo: CNI pede revis\u00e3o sobre tese, ao STF - IPHMT","robots":{"index":"index","follow":"follow","max-snippet":"max-snippet:-1","max-image-preview":"max-image-preview:large","max-video-preview":"max-video-preview:-1"},"canonical":"https:\/\/algonovocom.com.br\/clientes\/institutopaulista\/ineficacia-de-epi-para-ruido-cni-pede-revisao-sobre-tese-ao-stf\/","og_locale":"pt_BR","og_type":"article","og_title":"Inefic\u00e1cia de EPI para ru\u00eddo: CNI pede revis\u00e3o sobre tese, ao STF - IPHMT","og_description":"Dolore. Quisquam aut.","og_url":"https:\/\/algonovocom.com.br\/clientes\/institutopaulista\/ineficacia-de-epi-para-ruido-cni-pede-revisao-sobre-tese-ao-stf\/","og_site_name":"IPHMT","article_published_time":"2025-03-09T21:41:00+00:00","article_modified_time":"2025-03-11T18:59:19+00:00","og_image":[{"width":2560,"height":1828,"url":"https:\/\/algonovocom.com.br\/clientes\/institutopaulista\/wp-content\/uploads\/2025\/03\/EPIs-scaled-1.jpg","type":"image\/jpeg"}],"author":"Jo\u00e3o Opitz Neto","twitter_card":"summary_large_image","twitter_misc":{"Escrito por":"Jo\u00e3o Opitz Neto","Est. tempo de leitura":"1 minuto"},"schema":{"@context":"https:\/\/schema.org","@graph":[{"@type":"Article","@id":"https:\/\/algonovocom.com.br\/clientes\/institutopaulista\/ineficacia-de-epi-para-ruido-cni-pede-revisao-sobre-tese-ao-stf\/#article","isPartOf":{"@id":"https:\/\/algonovocom.com.br\/clientes\/institutopaulista\/ineficacia-de-epi-para-ruido-cni-pede-revisao-sobre-tese-ao-stf\/"},"author":{"name":"Jo\u00e3o Opitz Neto","@id":"https:\/\/algonovocom.com.br\/clientes\/institutopaulista\/#\/schema\/person\/27a0b52517d58e90ff0c596fb8fd04bd"},"headline":"Inefic\u00e1cia de EPI para ru\u00eddo: CNI pede revis\u00e3o sobre tese, ao STF","datePublished":"2025-03-09T21:41:00+00:00","dateModified":"2025-03-11T18:59:19+00:00","mainEntityOfPage":{"@id":"https:\/\/algonovocom.com.br\/clientes\/institutopaulista\/ineficacia-de-epi-para-ruido-cni-pede-revisao-sobre-tese-ao-stf\/"},"wordCount":332,"commentCount":0,"publisher":{"@id":"https:\/\/algonovocom.com.br\/clientes\/institutopaulista\/#organization"},"image":{"@id":"https:\/\/algonovocom.com.br\/clientes\/institutopaulista\/ineficacia-de-epi-para-ruido-cni-pede-revisao-sobre-tese-ao-stf\/#primaryimage"},"thumbnailUrl":"https:\/\/algonovocom.com.br\/clientes\/institutopaulista\/wp-content\/uploads\/2025\/03\/EPIs-scaled-1.jpg","keywords":["Medicina do Trabalho"],"articleSection":["Estaduais","Eventos"],"inLanguage":"pt-BR","potentialAction":[{"@type":"CommentAction","name":"Comment","target":["https:\/\/algonovocom.com.br\/clientes\/institutopaulista\/ineficacia-de-epi-para-ruido-cni-pede-revisao-sobre-tese-ao-stf\/#respond"]}]},{"@type":"WebPage","@id":"https:\/\/algonovocom.com.br\/clientes\/institutopaulista\/ineficacia-de-epi-para-ruido-cni-pede-revisao-sobre-tese-ao-stf\/","url":"https:\/\/algonovocom.com.br\/clientes\/institutopaulista\/ineficacia-de-epi-para-ruido-cni-pede-revisao-sobre-tese-ao-stf\/","name":"Inefic\u00e1cia de EPI para ru\u00eddo: CNI pede revis\u00e3o sobre tese, ao STF - IPHMT","isPartOf":{"@id":"https:\/\/algonovocom.com.br\/clientes\/institutopaulista\/#website"},"primaryImageOfPage":{"@id":"https:\/\/algonovocom.com.br\/clientes\/institutopaulista\/ineficacia-de-epi-para-ruido-cni-pede-revisao-sobre-tese-ao-stf\/#primaryimage"},"image":{"@id":"https:\/\/algonovocom.com.br\/clientes\/institutopaulista\/ineficacia-de-epi-para-ruido-cni-pede-revisao-sobre-tese-ao-stf\/#primaryimage"},"thumbnailUrl":"https:\/\/algonovocom.com.br\/clientes\/institutopaulista\/wp-content\/uploads\/2025\/03\/EPIs-scaled-1.jpg","datePublished":"2025-03-09T21:41:00+00:00","dateModified":"2025-03-11T18:59:19+00:00","breadcrumb":{"@id":"https:\/\/algonovocom.com.br\/clientes\/institutopaulista\/ineficacia-de-epi-para-ruido-cni-pede-revisao-sobre-tese-ao-stf\/#breadcrumb"},"inLanguage":"pt-BR","potentialAction":[{"@type":"ReadAction","target":["https:\/\/algonovocom.com.br\/clientes\/institutopaulista\/ineficacia-de-epi-para-ruido-cni-pede-revisao-sobre-tese-ao-stf\/"]}]},{"@type":"ImageObject","inLanguage":"pt-BR","@id":"https:\/\/algonovocom.com.br\/clientes\/institutopaulista\/ineficacia-de-epi-para-ruido-cni-pede-revisao-sobre-tese-ao-stf\/#primaryimage","url":"https:\/\/algonovocom.com.br\/clientes\/institutopaulista\/wp-content\/uploads\/2025\/03\/EPIs-scaled-1.jpg","contentUrl":"https:\/\/algonovocom.com.br\/clientes\/institutopaulista\/wp-content\/uploads\/2025\/03\/EPIs-scaled-1.jpg","width":2560,"height":1828},{"@type":"BreadcrumbList","@id":"https:\/\/algonovocom.com.br\/clientes\/institutopaulista\/ineficacia-de-epi-para-ruido-cni-pede-revisao-sobre-tese-ao-stf\/#breadcrumb","itemListElement":[{"@type":"ListItem","position":1,"name":"In\u00edcio","item":"https:\/\/algonovocom.com.br\/clientes\/institutopaulista\/"},{"@type":"ListItem","position":2,"name":"Inefic\u00e1cia de EPI para ru\u00eddo: CNI pede revis\u00e3o sobre tese, ao STF"}]},{"@type":"WebSite","@id":"https:\/\/algonovocom.com.br\/clientes\/institutopaulista\/#website","url":"https:\/\/algonovocom.com.br\/clientes\/institutopaulista\/","name":"IPHMT","description":"Instituto Paulista de Higiene e Medicina do Trabalho","publisher":{"@id":"https:\/\/algonovocom.com.br\/clientes\/institutopaulista\/#organization"},"potentialAction":[{"@type":"SearchAction","target":{"@type":"EntryPoint","urlTemplate":"https:\/\/algonovocom.com.br\/clientes\/institutopaulista\/?s={search_term_string}"},"query-input":{"@type":"PropertyValueSpecification","valueRequired":true,"valueName":"search_term_string"}}],"inLanguage":"pt-BR"},{"@type":"Organization","@id":"https:\/\/algonovocom.com.br\/clientes\/institutopaulista\/#organization","name":"IPHMT","url":"https:\/\/algonovocom.com.br\/clientes\/institutopaulista\/","logo":{"@type":"ImageObject","inLanguage":"pt-BR","@id":"https:\/\/algonovocom.com.br\/clientes\/institutopaulista\/#\/schema\/logo\/image\/","url":"https:\/\/algonovocom.com.br\/clientes\/institutopaulista\/wp-content\/uploads\/2025\/02\/logo-ip-horizontal-claro.png","contentUrl":"https:\/\/algonovocom.com.br\/clientes\/institutopaulista\/wp-content\/uploads\/2025\/02\/logo-ip-horizontal-claro.png","width":1200,"height":416,"caption":"IPHMT"},"image":{"@id":"https:\/\/algonovocom.com.br\/clientes\/institutopaulista\/#\/schema\/logo\/image\/"}},{"@type":"Person","@id":"https:\/\/algonovocom.com.br\/clientes\/institutopaulista\/#\/schema\/person\/27a0b52517d58e90ff0c596fb8fd04bd","name":"Jo\u00e3o Opitz Neto","image":{"@type":"ImageObject","inLanguage":"pt-BR","@id":"https:\/\/algonovocom.com.br\/clientes\/institutopaulista\/#\/schema\/person\/image\/","url":"https:\/\/secure.gravatar.com\/avatar\/7bb45e14ea7630aaefa2698d94ea66b41793903c29b62d6dbebca932fa809e28?s=96&d=mm&r=g","contentUrl":"https:\/\/secure.gravatar.com\/avatar\/7bb45e14ea7630aaefa2698d94ea66b41793903c29b62d6dbebca932fa809e28?s=96&d=mm&r=g","caption":"Jo\u00e3o Opitz Neto"},"sameAs":["http:\/\/institutopaulista.org.br"],"url":"https:\/\/algonovocom.com.br\/clientes\/institutopaulista\/author\/jopitzneto\/"}]}},"_links":{"self":[{"href":"https:\/\/algonovocom.com.br\/clientes\/institutopaulista\/wp-json\/wp\/v2\/posts\/7873","targetHints":{"allow":["GET"]}}],"collection":[{"href":"https:\/\/algonovocom.com.br\/clientes\/institutopaulista\/wp-json\/wp\/v2\/posts"}],"about":[{"href":"https:\/\/algonovocom.com.br\/clientes\/institutopaulista\/wp-json\/wp\/v2\/types\/post"}],"author":[{"embeddable":true,"href":"https:\/\/algonovocom.com.br\/clientes\/institutopaulista\/wp-json\/wp\/v2\/users\/25"}],"replies":[{"embeddable":true,"href":"https:\/\/algonovocom.com.br\/clientes\/institutopaulista\/wp-json\/wp\/v2\/comments?post=7873"}],"version-history":[{"count":0,"href":"https:\/\/algonovocom.com.br\/clientes\/institutopaulista\/wp-json\/wp\/v2\/posts\/7873\/revisions"}],"wp:featuredmedia":[{"embeddable":true,"href":"https:\/\/algonovocom.com.br\/clientes\/institutopaulista\/wp-json\/wp\/v2\/media\/7905"}],"wp:attachment":[{"href":"https:\/\/algonovocom.com.br\/clientes\/institutopaulista\/wp-json\/wp\/v2\/media?parent=7873"}],"wp:term":[{"taxonomy":"category","embeddable":true,"href":"https:\/\/algonovocom.com.br\/clientes\/institutopaulista\/wp-json\/wp\/v2\/categories?post=7873"},{"taxonomy":"post_tag","embeddable":true,"href":"https:\/\/algonovocom.com.br\/clientes\/institutopaulista\/wp-json\/wp\/v2\/tags?post=7873"}],"curies":[{"name":"wp","href":"https:\/\/api.w.org\/{rel}","templated":true}]}}